{"id":8412,"date":"2019-02-13T16:23:39","date_gmt":"2019-02-13T15:23:39","guid":{"rendered":"https:\/\/archiv-heilpaedagogik.de\/?p=8412"},"modified":"2019-03-19T12:24:45","modified_gmt":"2019-03-19T11:24:45","slug":"21-maerz-kinder-und-jugendliteratur-aus-heil-paedagogischer-sicht-ein-historischer-zugang","status":"publish","type":"post","link":"https:\/\/archiv-heilpaedagogik.de\/pl\/21-maerz-kinder-und-jugendliteratur-aus-heil-paedagogischer-sicht-ein-historischer-zugang\/","title":{"rendered":"21.M\u00e4rz: Kinder- und Jugendliteratur aus (heil-)p\u00e4dagogischer Sicht &#8211; Ein historischer Zugang"},"content":{"rendered":"<p>Am 31. M\u00e4rz findet von 18:00 bis 20:00 Uhr ein Vortrag zur Kinder- und Jugendliteratur statt. Als Referentin begr\u00fc\u00dfen wir die Vorsitzende unseres F\u00f6rdervereins, Frau Gabriela Zenker. Der Eintritt ist frei.<\/p>\r\n\r\n\r\n\r\n<p>Alle weitere Informationen finden Sie hier:<\/p>\r\n\r\n\r\n\r\n<p><a href=\"https:\/\/archiv-heilpaedagogik.de\/kinder-und-jugendliteratur-aus-heil-paedagogischer-sicht-ein-historischer-zugang\/\">Veranstaltung: Kinder- und Jugendliteratur<\/a><\/p>","protected":false},"excerpt":{"rendered":"<p>Am 31. M\u00e4rz findet von 18:00 bis 20:00 Uhr ein Vortrag zur Kinder- und Jugendliteratur statt. Als Referentin begr\u00fc\u00dfen wir die Vorsitzende unseres F\u00f6rdervereins, Frau&hellip;<\/p>\n<p><a href=\"https:\/\/archiv-heilpaedagogik.de\/pl\/21-maerz-kinder-und-jugendliteratur-aus-heil-paedagogischer-sicht-ein-historischer-zugang\/\" class=\"more-link post-excerpt-readmore\">Read more<\/a><\/p>\n","protected":false},"author":5,"featured_media":8408,"comment_status":"closed","ping_status":"closed","sticky":true,"template":"","format":"standard","meta":{"footnotes":""},"categories":[1],"tags":[],"class_list":["post-8412","post","type-post","status-publish","format-standard","has-post-thumbnail","hentry","category-allgemein"],"aioseo_notices":[],"_links":{"self":[{"href":"https:\/\/archiv-heilpaedagogik.de\/pl\/wp-json\/wp\/v2\/posts\/8412","targetHints":{"allow":["GET"]}}],"collection":[{"href":"https:\/\/archiv-heilpaedagogik.de\/pl\/wp-json\/wp\/v2\/posts"}],"about":[{"href":"https:\/\/archiv-heilpaedagogik.de\/pl\/wp-json\/wp\/v2\/types\/post"}],"author":[{"embeddable":true,"href":"https:\/\/archiv-heilpaedagogik.de\/pl\/wp-json\/wp\/v2\/users\/5"}],"replies":[{"embeddable":true,"href":"https:\/\/archiv-heilpaedagogik.de\/pl\/wp-json\/wp\/v2\/comments?post=8412"}],"version-history":[{"count":0,"href":"https:\/\/archiv-heilpaedagogik.de\/pl\/wp-json\/wp\/v2\/posts\/8412\/revisions"}],"wp:featuredmedia":[{"embeddable":true,"href":"https:\/\/archiv-heilpaedagogik.de\/pl\/wp-json\/wp\/v2\/media\/8408"}],"wp:attachment":[{"href":"https:\/\/archiv-heilpaedagogik.de\/pl\/wp-json\/wp\/v2\/media?parent=8412"}],"wp:term":[{"taxonomy":"category","embeddable":true,"href":"https:\/\/archiv-heilpaedagogik.de\/pl\/wp-json\/wp\/v2\/categories?post=8412"},{"taxonomy":"post_tag","embeddable":true,"href":"https:\/\/archiv-heilpaedagogik.de\/pl\/wp-json\/wp\/v2\/tags?post=8412"}],"curies":[{"name":"wp","href":"https:\/\/api.w.org\/{rel}","templated":true}]}}