{"id":7113,"date":"2018-03-05T12:00:53","date_gmt":"2018-03-05T11:00:53","guid":{"rendered":"https:\/\/archiv-heilpaedagogik.de\/veranstaltung_vortrag-erziehung-2018-copy\/"},"modified":"2019-01-17T14:49:59","modified_gmt":"2019-01-17T13:49:59","slug":"veranstaltung_vortrag-unverfuegbar-2018","status":"publish","type":"post","link":"https:\/\/archiv-heilpaedagogik.de\/pl\/veranstaltung_vortrag-unverfuegbar-2018\/","title":{"rendered":"Unverf\u00fcgbar und r\u00e4tselhaft \u2013 Eine Ann\u00e4herung an die F\u00e4higkeiten und Bed\u00fcrfnisse von Menschen mit hohem Unterst\u00fctzungsbedarf"},"content":{"rendered":"<p><\/p>\n<ul>\n<li><strong>Format: <\/strong>Vortrag mit anschlie\u00dfender Diskussion<\/li>\n<li><strong>Datum:<\/strong> 16.11.2018<\/li>\n<\/ul>\n<p><!--more--><\/p>\n<h2>Ausf\u00fchrliche Informationen<\/h2>\n<ul>\n<li><strong>Titel:<\/strong> \u201eUnverf\u00fcgbar und r\u00e4tselhaft \u2013 Eine Ann\u00e4herung an die F\u00e4higkeiten und Bed\u00fcrfnisse von Menschen mit hohem Unterst\u00fctzungsbedarf\u201c<\/li>\n<li><strong>Leitung:<\/strong> Michael Katzer (KatHO NRW)<\/li>\n<li><strong>Datum: <\/strong>Freitag, 16. November 2018 | Beginn 16:00 Uhr<\/li>\n<li><strong>Veranstaltungsort:<\/strong> M\u00fcncheberg OT Trebnitz<\/li>\n<li><strong>Kosten:<\/strong> 10,00 \u20ac (erm\u00e4\u00dfigt 7,50 \u20ac (Studierende, Mitglieder des F\u00f6rdervereins)<\/li>\n<\/ul>\n<p style=\"text-align: left;\"><em>Aktualisierungsdatum: 05.03.2018<\/em><\/p>\n<p>Schwerpunkt des Vortrages ist die Lebenslage und -welt von Menschen mit hohem und komplexen Unterst\u00fctzungsbedarf sowie die Notwendigkeit, R\u00e4ume f\u00fcr eine gelingende Partizipation zu erm\u00f6glichen. Eine anschlie\u00dfende Diskussion bietet die M\u00f6glichkeit, eigene Erfahrungen mit Menschen mit hohem Unterst\u00fctzungsbedarf einzubringen und hinsichtlich verschiedener Spannungsfelder zu thematisieren.<\/p>","protected":false},"excerpt":{"rendered":"<p>Przepraszamy, ten wpis jest dost\u0119pny tylko w j\u0119zyku Deutsch.<\/p>\n","protected":false},"author":1,"featured_media":6380,"comment_status":"closed","ping_status":"closed","sticky":false,"template":"","format":"standard","meta":{"footnotes":""},"categories":[53],"tags":[57],"class_list":["post-7113","post","type-post","status-publish","format-standard","has-post-thumbnail","hentry","category-veranstaltungen-gewesen","tag-vortrag"],"aioseo_notices":[],"_links":{"self":[{"href":"https:\/\/archiv-heilpaedagogik.de\/pl\/wp-json\/wp\/v2\/posts\/7113","targetHints":{"allow":["GET"]}}],"collection":[{"href":"https:\/\/archiv-heilpaedagogik.de\/pl\/wp-json\/wp\/v2\/posts"}],"about":[{"href":"https:\/\/archiv-heilpaedagogik.de\/pl\/wp-json\/wp\/v2\/types\/post"}],"author":[{"embeddable":true,"href":"https:\/\/archiv-heilpaedagogik.de\/pl\/wp-json\/wp\/v2\/users\/1"}],"replies":[{"embeddable":true,"href":"https:\/\/archiv-heilpaedagogik.de\/pl\/wp-json\/wp\/v2\/comments?post=7113"}],"version-history":[{"count":0,"href":"https:\/\/archiv-heilpaedagogik.de\/pl\/wp-json\/wp\/v2\/posts\/7113\/revisions"}],"wp:featuredmedia":[{"embeddable":true,"href":"https:\/\/archiv-heilpaedagogik.de\/pl\/wp-json\/wp\/v2\/media\/6380"}],"wp:attachment":[{"href":"https:\/\/archiv-heilpaedagogik.de\/pl\/wp-json\/wp\/v2\/media?parent=7113"}],"wp:term":[{"taxonomy":"category","embeddable":true,"href":"https:\/\/archiv-heilpaedagogik.de\/pl\/wp-json\/wp\/v2\/categories?post=7113"},{"taxonomy":"post_tag","embeddable":true,"href":"https:\/\/archiv-heilpaedagogik.de\/pl\/wp-json\/wp\/v2\/tags?post=7113"}],"curies":[{"name":"wp","href":"https:\/\/api.w.org\/{rel}","templated":true}]}}