{"id":7110,"date":"2018-03-05T12:20:37","date_gmt":"2018-03-05T11:20:37","guid":{"rendered":"https:\/\/archiv-heilpaedagogik.de\/veranstaltung_vortrag-inklusion-2018-copy\/"},"modified":"2018-10-23T09:45:15","modified_gmt":"2018-10-23T07:45:15","slug":"veranstaltung_vortrag-erziehung-2018","status":"publish","type":"post","link":"https:\/\/archiv-heilpaedagogik.de\/en\/veranstaltung_vortrag-erziehung-2018\/","title":{"rendered":"Erziehung oder Teilhabe &#8211; Ist Behinderung (ent)scheidend?"},"content":{"rendered":"<p><\/p>\n<p style=\"text-align: center;\">&#8212;&#8212;&#8212; cancelled &#8212;&#8212;&#8212;<\/p>\n<ul>\n<li><strong>Format:<\/strong> Vortrag mit anschlie\u00dfender Diskussion<\/li>\n<li><strong>Datum:<\/strong> 28.09.2018<\/li>\n<\/ul>\n<p><!--more--><\/p>\n<h2>Ausf\u00fchrliche Informationen<\/h2>\n<ul>\n<li><strong>Titel:<\/strong> \u201eErziehung oder Teilhabe &#8211; Ist Behinderung (ent)scheidend? \u2013 Pl\u00e4doyer f\u00fcr einen (heil)p\u00e4dagogischen Umgang mit Fragen von Inklusion und Exklusion in der Pflegekinderhilfe.\u201c<\/li>\n<li><strong>Leitung:<\/strong> Patrick Werth (KatHO NRW)<\/li>\n<li><strong>Datum: <\/strong>Freitag, 28. September 2018 | Beginn 16:00 Uhr<\/li>\n<li><strong>Veranstaltungsort:<\/strong> M\u00fcncheberg OT Trebnitz<\/li>\n<li><strong>Kosten:<\/strong> 10,00 \u20ac (erm\u00e4\u00dfigt 7,50 \u20ac (Studierende, Mitglieder des F\u00f6rdervereins)<\/li>\n<\/ul>\n<p style=\"text-align: left;\"><em>Aktualisierungsdatum: 05.03.2018<\/em><\/p>\n<p>Der Begriff \u201aBehinderung\u2018 ist h\u00e4ufig ebenso selbstverst\u00e4ndlich wie strittig, vor allem in Fragen der sozialrechtlichen Zust\u00e4ndigkeiten. Diskussionen um Reformen im SGB VIII \u2013 von gro\u00dfen, \u00fcber \u201akleine\u2018, \u00fcber \u201akeine L\u00f6sungen\u2018 \u2013 haben sich scheinbar selbst verstummt oder sind nur einer gef\u00fchlt exklusiven \u00d6ffentlichkeit zug\u00e4nglich. Pflegekinder, die im sozialrechtlichen (d.h. prim\u00e4r medizinischen Sinne) eine k\u00f6rperliche oder geistige Behinderung haben, erhalten keine Leistungen der Jugendhilfe. F\u00fcr sie ist der \u00f6rtliche oder \u00fcber\u00f6rtliche Tr\u00e4ger der Eingliederungshilfe zust\u00e4ndig. In diesem Vortrag wird die Rechtsdebatte ein St\u00fcck weit in den Hintergrund treten und die Frage diskutiert, wie Heilp\u00e4dagoginnen und Heilp\u00e4dagogen trotz exklusiver Rechtsgrundlagen eine inklusive Praxis in der Pflegekinderhilfe gestalten k\u00f6nnen. Dazu werden die Begriffe \u201aErziehung\u2018, \u201aTeilhabe\u2018, \u201aInklusion\u2018 und \u201aExklusion\u2018 nicht als rechtliche, sondern als (heil)p\u00e4dagogische Begriffe der Praxis diskutiert, um davon ausgehend einen fachpolitischen Diskurs weiter bef\u00f6rdern zu k\u00f6nnen und in der Praxis zu leben.<\/p>","protected":false},"excerpt":{"rendered":"<p>Sorry, this entry is only available in Deutsch.<\/p>\n","protected":false},"author":1,"featured_media":6380,"comment_status":"closed","ping_status":"closed","sticky":false,"template":"","format":"standard","meta":{"footnotes":""},"categories":[1],"tags":[57],"class_list":["post-7110","post","type-post","status-publish","format-standard","has-post-thumbnail","hentry","category-allgemein","tag-vortrag"],"aioseo_notices":[],"_links":{"self":[{"href":"https:\/\/archiv-heilpaedagogik.de\/en\/wp-json\/wp\/v2\/posts\/7110","targetHints":{"allow":["GET"]}}],"collection":[{"href":"https:\/\/archiv-heilpaedagogik.de\/en\/wp-json\/wp\/v2\/posts"}],"about":[{"href":"https:\/\/archiv-heilpaedagogik.de\/en\/wp-json\/wp\/v2\/types\/post"}],"author":[{"embeddable":true,"href":"https:\/\/archiv-heilpaedagogik.de\/en\/wp-json\/wp\/v2\/users\/1"}],"replies":[{"embeddable":true,"href":"https:\/\/archiv-heilpaedagogik.de\/en\/wp-json\/wp\/v2\/comments?post=7110"}],"version-history":[{"count":0,"href":"https:\/\/archiv-heilpaedagogik.de\/en\/wp-json\/wp\/v2\/posts\/7110\/revisions"}],"wp:featuredmedia":[{"embeddable":true,"href":"https:\/\/archiv-heilpaedagogik.de\/en\/wp-json\/wp\/v2\/media\/6380"}],"wp:attachment":[{"href":"https:\/\/archiv-heilpaedagogik.de\/en\/wp-json\/wp\/v2\/media?parent=7110"}],"wp:term":[{"taxonomy":"category","embeddable":true,"href":"https:\/\/archiv-heilpaedagogik.de\/en\/wp-json\/wp\/v2\/categories?post=7110"},{"taxonomy":"post_tag","embeddable":true,"href":"https:\/\/archiv-heilpaedagogik.de\/en\/wp-json\/wp\/v2\/tags?post=7110"}],"curies":[{"name":"wp","href":"https:\/\/api.w.org\/{rel}","templated":true}]}}